{"id":18967,"date":"2024-07-24T10:42:46","date_gmt":"2024-07-24T10:42:46","guid":{"rendered":"https:\/\/care4dairy.eu\/?p=18967"},"modified":"2024-07-24T10:45:31","modified_gmt":"2024-07-24T10:45:31","slug":"andern-kuhe-auf-der-weide-ihr-verhalten-bei-groser-hitze","status":"publish","type":"post","link":"https:\/\/care4dairy.eu\/de\/andern-kuhe-auf-der-weide-ihr-verhalten-bei-groser-hitze\/","title":{"rendered":"\u00c4ndern K\u00fche auf der Weide ihr Verhalten bei gro\u00dfer Hitze?"},"content":{"rendered":"<div class=\"fusion-fullwidth fullwidth-box fusion-builder-row-1 fusion-flex-container has-pattern-background has-mask-background nonhundred-percent-fullwidth non-hundred-percent-height-scrolling\" style=\"--awb-border-radius-top-left:0px;--awb-border-radius-top-right:0px;--awb-border-radius-bottom-right:0px;--awb-border-radius-bottom-left:0px;--awb-flex-wrap:wrap;\" ><div class=\"fusion-builder-row fusion-row fusion-flex-align-items-flex-start fusion-flex-content-wrap\" style=\"max-width:1420.64px;margin-left: calc(-4% \/ 2 );margin-right: calc(-4% \/ 2 );\"><div class=\"fusion-layout-column fusion_builder_column fusion-builder-column-0 fusion_builder_column_1_1 1_1 fusion-flex-column\" style=\"--awb-bg-size:cover;--awb-width-large:100%;--awb-margin-top-large:0px;--awb-spacing-right-large:1.92%;--awb-margin-bottom-large:20px;--awb-spacing-left-large:1.92%;--awb-width-medium:100%;--awb-order-medium:0;--awb-spacing-right-medium:1.92%;--awb-spacing-left-medium:1.92%;--awb-width-small:100%;--awb-order-small:0;--awb-spacing-right-small:1.92%;--awb-spacing-left-small:1.92%;\"><div class=\"fusion-column-wrapper fusion-column-has-shadow fusion-flex-justify-content-flex-start fusion-content-layout-column\"><div class=\"fusion-text fusion-text-1\"><p><span style=\"font-weight: 400;\">Da der Sommer zur H\u00e4lfte vorbei ist und extreme Hitzeperioden in ganz Europa anhalten, sind Hitzestress und Tierschutz ein wichtiges Thema. Hitzestress bei K\u00fchen tritt auf, wenn die kombinierte Innen- und Au\u00dfentemperatur eines Tieres \u00fcber dem Wert liegt, den das Tier abbauen kann, was zu Verhaltens- und physiologischen Anpassungen und zu einer erh\u00f6hten K\u00f6rperkerntemperatur f\u00fchrt. Da Milchk\u00fche \u00fcber einen Stoffwechselprozess verf\u00fcgen, der viel W\u00e4rme abgibt, sind sie anf\u00e4lliger f\u00fcr Hitzestress. Hitzestress f\u00fchrt zu Problemen in Bezug auf das Wohlergehen, die Gesundheit und die Produktivit\u00e4t (d. h. Fruchtbarkeit und Milchproduktion). Anfang dieses Jahres wurde ein Artikel \u00fcber Verhaltens\u00e4nderungen bei Rindern ver\u00f6ffentlicht, die einer moderaten Hitzebelastung ausgesetzt sind. Der Artikel aus der Schweiz konzentrierte sich auf Milchk\u00fche, die zwischen Juni und September 2021 auf der Weide standen, und verwendete den Temperatur-Feuchtigkeits-Index (THI), um hohe und niedrige Hitzeperioden zu erfassen. Holinger et al. berichteten \u00fcber verschiedene Verhaltensunterschiede zwischen Rindern bei hohen und niedrigen THI-Werten. Die auff\u00e4lligsten Unterschiede waren eine Abnahme der Liegezeit, eine Zunahme der Aktivit\u00e4t und eine Zunahme des Gedr\u00e4nges oder der Gruppierung der K\u00fche an Tagen mit hohem THI im Vergleich zu niedrigem THI. Die Autoren schlugen vor, dass diese Verhaltensweisen darauf hindeuten k\u00f6nnten, dass die K\u00fche auf der Weide unter Hitzestress stehen. Andere Einfl\u00fcsse, wie z. B. die Aktivit\u00e4t von Insekten, m\u00fcssen weiter untersucht werden. Um das Auftreten von Hitzestress zu verringern, sollten den Rindern auf der Weide stets Wasser und Schatten zur Verf\u00fcgung stehen. Wenn m\u00f6glich, sollte der Weidegang auf den fr\u00fchen Morgen oder Abend verlegt werden, um die hei\u00dfeste Zeit des Tages zu vermeiden. <\/span><\/p>\n<p><span style=\"font-weight: 400;\">Holinger, M., B\u00fchl, V., Helbing, M., Pieper, L., K\u00fcrmann, S., Pontiggia, A., Dohme-Meier, F., Keil, N., Ammer, S. (2024). Behavioural changes to moderate heat load in grazing dairy cows under on-farm conditions, <\/span><i><span style=\"font-weight: 400;\">Livestock Science,<\/span><\/i> <i><span style=\"font-weight: 400;\">279,<\/span><\/i><span style=\"font-weight: 400;\"> 105376. <\/span><a href=\"https:\/\/doi.org\/10.1016\/j.livsci.2023.105376\"><span style=\"font-weight: 400;\">https:\/\/doi.org\/10.1016\/j.livsci.2023.105376<\/span><\/a><span style=\"font-weight: 400;\">.<\/span><\/p>\n<p><i><span style=\"font-weight: 400;\">Dieser Text wurde mit DeepL \u00fcbersetzt.<\/span><\/i><\/p>\n<\/div><\/div><\/div><\/div><\/div>\n","protected":false},"excerpt":{"rendered":"","protected":false},"author":6,"featured_media":18947,"comment_status":"open","ping_status":"open","sticky":false,"template":"","format":"standard","meta":{"_acf_changed":false,"_bbp_topic_count":0,"_bbp_reply_count":0,"_bbp_total_topic_count":0,"_bbp_total_reply_count":0,"_bbp_voice_count":0,"_bbp_anonymous_reply_count":0,"_bbp_topic_count_hidden":0,"_bbp_reply_count_hidden":0,"_bbp_forum_subforum_count":0,"inline_featured_image":false,"footnotes":""},"categories":[195],"tags":[],"class_list":["post-18967","post","type-post","status-publish","format-standard","has-post-thumbnail","hentry","category-nachrichten"],"acf":[],"_links":{"self":[{"href":"https:\/\/care4dairy.eu\/de\/wp-json\/wp\/v2\/posts\/18967","targetHints":{"allow":["GET"]}}],"collection":[{"href":"https:\/\/care4dairy.eu\/de\/wp-json\/wp\/v2\/posts"}],"about":[{"href":"https:\/\/care4dairy.eu\/de\/wp-json\/wp\/v2\/types\/post"}],"author":[{"embeddable":true,"href":"https:\/\/care4dairy.eu\/de\/wp-json\/wp\/v2\/users\/6"}],"replies":[{"embeddable":true,"href":"https:\/\/care4dairy.eu\/de\/wp-json\/wp\/v2\/comments?post=18967"}],"version-history":[{"count":4,"href":"https:\/\/care4dairy.eu\/de\/wp-json\/wp\/v2\/posts\/18967\/revisions"}],"predecessor-version":[{"id":18994,"href":"https:\/\/care4dairy.eu\/de\/wp-json\/wp\/v2\/posts\/18967\/revisions\/18994"}],"wp:featuredmedia":[{"embeddable":true,"href":"https:\/\/care4dairy.eu\/de\/wp-json\/wp\/v2\/media\/18947"}],"wp:attachment":[{"href":"https:\/\/care4dairy.eu\/de\/wp-json\/wp\/v2\/media?parent=18967"}],"wp:term":[{"taxonomy":"category","embeddable":true,"href":"https:\/\/care4dairy.eu\/de\/wp-json\/wp\/v2\/categories?post=18967"},{"taxonomy":"post_tag","embeddable":true,"href":"https:\/\/care4dairy.eu\/de\/wp-json\/wp\/v2\/tags?post=18967"}],"curies":[{"name":"wp","href":"https:\/\/api.w.org\/{rel}","templated":true}]}}