{"id":19375,"date":"2024-11-21T10:57:50","date_gmt":"2024-11-21T10:57:50","guid":{"rendered":"https:\/\/care4dairy.eu\/?p=19375"},"modified":"2024-11-21T10:57:50","modified_gmt":"2024-11-21T10:57:50","slug":"izs-teramo-auf-der-eurotier","status":"publish","type":"post","link":"https:\/\/care4dairy.eu\/de\/izs-teramo-auf-der-eurotier\/","title":{"rendered":"IZS Teramo auf der EuroTier"},"content":{"rendered":"<div class=\"fusion-fullwidth fullwidth-box fusion-builder-row-1 fusion-flex-container has-pattern-background has-mask-background nonhundred-percent-fullwidth non-hundred-percent-height-scrolling\" style=\"--awb-border-radius-top-left:0px;--awb-border-radius-top-right:0px;--awb-border-radius-bottom-right:0px;--awb-border-radius-bottom-left:0px;--awb-flex-wrap:wrap;\" ><div class=\"fusion-builder-row fusion-row fusion-flex-align-items-flex-start fusion-flex-content-wrap\" style=\"max-width:1420.64px;margin-left: calc(-4% \/ 2 );margin-right: calc(-4% \/ 2 );\"><div class=\"fusion-layout-column fusion_builder_column fusion-builder-column-0 fusion_builder_column_1_1 1_1 fusion-flex-column\" style=\"--awb-bg-size:cover;--awb-width-large:100%;--awb-margin-top-large:0px;--awb-spacing-right-large:1.92%;--awb-margin-bottom-large:20px;--awb-spacing-left-large:1.92%;--awb-width-medium:100%;--awb-order-medium:0;--awb-spacing-right-medium:1.92%;--awb-spacing-left-medium:1.92%;--awb-width-small:100%;--awb-order-small:0;--awb-spacing-right-small:1.92%;--awb-spacing-left-small:1.92%;\"><div class=\"fusion-column-wrapper fusion-column-has-shadow fusion-flex-justify-content-flex-start fusion-content-layout-column\"><div class=\"fusion-text fusion-text-1\"><p>Das Istituto Zooprofilattico Sperimentale dell&#8217;Abruzzo e del Molise (IZS Teramo) nahm als Mitglied der <a href=\"https:\/\/www.eurcaw-ruminants-equines.eu\/\">European Union Reference Centre for Animal Welfare (EURCAW)<em> Ruminants &amp; Equines<\/em><\/a>, an der <a href=\"https:\/\/www.eurotier.com\/en\/\">EuroTier<\/a>-Ausstellung teil, um die Ergebnisse des \u201ePilotprojekts zum Wohlergehen von Milchk\u00fchen, einschlie\u00dflich Ma\u00dfnahmen zum Schutz nicht entw\u00f6hnter Milchk\u00e4lber und von Tieren am Ende ihrer Laufbahn \u2013 Care4Dairy\u201c vorzustellen. Diese Initiative wird von der Generaldirektion SANTE der Europ\u00e4ischen Kommission finanziert und dient der Identifizierung guter und bester Praktiken zur Verbesserung des Tierschutzes im Milchviehsektor.<\/p>\n<p>Die EuroTier ist die wichtigste internationale Fachmesse f\u00fcr professionelle Viehzucht. Sie fand vom 12. bis 15. November in Hannover statt und bot einen \u00dcberblick \u00fcber Innovationen, Produkte und Dienstleistungen im Viehzuchtsektor. Mehr als 2.200 Aussteller aus 160 L\u00e4ndern waren vertreten. Die Hauptausstellungsbereiche waren dem Management von Rindern, Schweinen, Gefl\u00fcgel, Schafen und Ziegen gewidmet, w\u00e4hrend das Programm den Schwerpunkt auf Tierschutz, Nachhaltigkeit, Automatisierung, Robotik und Digitalisierung legte.<\/p>\n<p><strong>Luigi Iannetti<\/strong>, Leiter der Abteilung f\u00fcr Tierzucht und Tierversuche, <strong>Michele Podaliri Vulpiani<\/strong>, Leiter der Abteilung f\u00fcr Tierschutz, und <strong>Francesca Pompei<\/strong> vom Zentrum f\u00fcr Projektentwicklung und -management, alle vom IZS Teramo, nahmen an der Ausstellung teil, um die Ergebnisse von Care4Dairy zu pr\u00e4sentieren und Kontakte f\u00fcr m\u00f6gliche zuk\u00fcnftige Kooperationen mit Fachleuten und Experten aus aller Welt zu kn\u00fcpfen.<\/p>\n<p><i><span style=\"font-weight: 400;\">Dieser Text wurde mit DeepL \u00fcbersetzt.<\/span><\/i><\/p>\n<\/div><\/div><\/div><\/div><\/div>\n","protected":false},"excerpt":{"rendered":"","protected":false},"author":6,"featured_media":19353,"comment_status":"open","ping_status":"open","sticky":false,"template":"","format":"standard","meta":{"_acf_changed":false,"_bbp_topic_count":0,"_bbp_reply_count":0,"_bbp_total_topic_count":0,"_bbp_total_reply_count":0,"_bbp_voice_count":0,"_bbp_anonymous_reply_count":0,"_bbp_topic_count_hidden":0,"_bbp_reply_count_hidden":0,"_bbp_forum_subforum_count":0,"inline_featured_image":false,"footnotes":""},"categories":[195],"tags":[315],"class_list":["post-19375","post","type-post","status-publish","format-standard","has-post-thumbnail","hentry","category-nachrichten","tag-konferenz"],"acf":[],"_links":{"self":[{"href":"https:\/\/care4dairy.eu\/de\/wp-json\/wp\/v2\/posts\/19375","targetHints":{"allow":["GET"]}}],"collection":[{"href":"https:\/\/care4dairy.eu\/de\/wp-json\/wp\/v2\/posts"}],"about":[{"href":"https:\/\/care4dairy.eu\/de\/wp-json\/wp\/v2\/types\/post"}],"author":[{"embeddable":true,"href":"https:\/\/care4dairy.eu\/de\/wp-json\/wp\/v2\/users\/6"}],"replies":[{"embeddable":true,"href":"https:\/\/care4dairy.eu\/de\/wp-json\/wp\/v2\/comments?post=19375"}],"version-history":[{"count":4,"href":"https:\/\/care4dairy.eu\/de\/wp-json\/wp\/v2\/posts\/19375\/revisions"}],"predecessor-version":[{"id":19394,"href":"https:\/\/care4dairy.eu\/de\/wp-json\/wp\/v2\/posts\/19375\/revisions\/19394"}],"wp:featuredmedia":[{"embeddable":true,"href":"https:\/\/care4dairy.eu\/de\/wp-json\/wp\/v2\/media\/19353"}],"wp:attachment":[{"href":"https:\/\/care4dairy.eu\/de\/wp-json\/wp\/v2\/media?parent=19375"}],"wp:term":[{"taxonomy":"category","embeddable":true,"href":"https:\/\/care4dairy.eu\/de\/wp-json\/wp\/v2\/categories?post=19375"},{"taxonomy":"post_tag","embeddable":true,"href":"https:\/\/care4dairy.eu\/de\/wp-json\/wp\/v2\/tags?post=19375"}],"curies":[{"name":"wp","href":"https:\/\/api.w.org\/{rel}","templated":true}]}}