{"id":18979,"date":"2024-07-24T10:42:46","date_gmt":"2024-07-24T10:42:46","guid":{"rendered":"https:\/\/care4dairy.eu\/?p=18979"},"modified":"2024-07-24T10:47:19","modified_gmt":"2024-07-24T10:47:19","slug":"cambian-de-comportamiento-las-vacas-que-pastan-cuando-hace-mucho-calor","status":"publish","type":"post","link":"https:\/\/care4dairy.eu\/es\/cambian-de-comportamiento-las-vacas-que-pastan-cuando-hace-mucho-calor\/","title":{"rendered":"\u00bfCambian de comportamiento las vacas que pastan cuando hace mucho calor?"},"content":{"rendered":"<div class=\"fusion-fullwidth fullwidth-box fusion-builder-row-1 fusion-flex-container has-pattern-background has-mask-background nonhundred-percent-fullwidth non-hundred-percent-height-scrolling\" style=\"--awb-border-radius-top-left:0px;--awb-border-radius-top-right:0px;--awb-border-radius-bottom-right:0px;--awb-border-radius-bottom-left:0px;--awb-flex-wrap:wrap;\" ><div class=\"fusion-builder-row fusion-row fusion-flex-align-items-flex-start fusion-flex-content-wrap\" style=\"max-width:1420.64px;margin-left: calc(-4% \/ 2 );margin-right: calc(-4% \/ 2 );\"><div class=\"fusion-layout-column fusion_builder_column fusion-builder-column-0 fusion_builder_column_1_1 1_1 fusion-flex-column\" style=\"--awb-bg-size:cover;--awb-width-large:100%;--awb-margin-top-large:0px;--awb-spacing-right-large:1.92%;--awb-margin-bottom-large:20px;--awb-spacing-left-large:1.92%;--awb-width-medium:100%;--awb-order-medium:0;--awb-spacing-right-medium:1.92%;--awb-spacing-left-medium:1.92%;--awb-width-small:100%;--awb-order-small:0;--awb-spacing-right-small:1.92%;--awb-spacing-left-small:1.92%;\"><div class=\"fusion-column-wrapper fusion-column-has-shadow fusion-flex-justify-content-flex-start fusion-content-layout-column\"><div class=\"fusion-text fusion-text-1\"><p><span style=\"font-weight: 400;\">Con el verano a medio camino y los episodios de calor extremo que siguen produci\u00e9ndose en Europa, es importante tener en cuenta el estr\u00e9s t\u00e9rmico y el bienestar de los animales. El estr\u00e9s por calor en las vacas se produce cuando la temperatura interna y externa combinada de un animal es superior a la que el animal puede disipar, lo que provoca adaptaciones fisiol\u00f3gicas y de comportamiento y conduce a un aumento de la temperatura corporal central. Como el ganado lechero tiene un proceso metab\u00f3lico que expulsa mucho calor, es m\u00e1s susceptible al estr\u00e9s t\u00e9rmico. El estr\u00e9s t\u00e9rmico causa problemas de bienestar, salud y productividad (es decir, fertilidad y producci\u00f3n de leche). A principios de este a\u00f1o se public\u00f3 un art\u00edculo sobre los cambios de comportamiento del ganado que experimenta cargas moderadas de calor. El art\u00edculo, procedente de Suiza, se centraba en vacas lecheras en sistemas de pastoreo entre junio y septiembre de 2021 y utilizaba el \u00edndice de temperatura-humedad (THI) para registrar los episodios de calor alto y bajo. Holinger et al. informaron de varias diferencias de comportamiento entre el ganado durante eventos de THI alto y bajo. Las diferencias m\u00e1s evidentes fueron una disminuci\u00f3n del tiempo de reposo, un aumento de la actividad y un aumento del api\u00f1amiento o agrupamiento de las vacas en d\u00edas con THI alto en comparaci\u00f3n con THI bajo. Los autores proponen que estos comportamientos pueden indicar que las vacas est\u00e1n sufriendo estr\u00e9s por calor en los pastos. Es necesario seguir investigando otras influencias, como la actividad de los insectos. Para reducir la incidencia del estr\u00e9s t\u00e9rmico, el ganado debe disponer siempre de agua y sombra en los pastos. Cuando sea posible, tambi\u00e9n es beneficioso cambiar el momento en que el ganado est\u00e1 en los pastos a primera hora de la ma\u00f1ana o al atardecer para evitar las horas m\u00e1s calurosas del d\u00eda. <\/span><\/p>\n<p><span style=\"font-weight: 400;\">Holinger, M., B\u00fchl, V., Helbing, M., Pieper, L., K\u00fcrmann, S., Pontiggia, A., Dohme-Meier, F., Keil, N., Ammer, S. (2024). Behavioural changes to moderate heat load in grazing dairy cows under on-farm conditions, <\/span><i><span style=\"font-weight: 400;\">Livestock Science,<\/span><\/i> <i><span style=\"font-weight: 400;\">279,<\/span><\/i><span style=\"font-weight: 400;\"> 105376. <\/span><a href=\"https:\/\/doi.org\/10.1016\/j.livsci.2023.105376\"><span style=\"font-weight: 400;\">https:\/\/doi.org\/10.1016\/j.livsci.2023.105376<\/span><\/a><span style=\"font-weight: 400;\">.<\/span><\/p>\n<p><i><span style=\"font-weight: 400;\">Este texto ha sido traducido utilizando DeepL.<\/span><\/i><\/p>\n<\/div><\/div><\/div><\/div><\/div>\n","protected":false},"excerpt":{"rendered":"","protected":false},"author":6,"featured_media":18960,"comment_status":"open","ping_status":"open","sticky":false,"template":"","format":"standard","meta":{"_acf_changed":false,"_bbp_topic_count":0,"_bbp_reply_count":0,"_bbp_total_topic_count":0,"_bbp_total_reply_count":0,"_bbp_voice_count":0,"_bbp_anonymous_reply_count":0,"_bbp_topic_count_hidden":0,"_bbp_reply_count_hidden":0,"_bbp_forum_subforum_count":0,"inline_featured_image":false,"footnotes":""},"categories":[200],"tags":[],"class_list":["post-18979","post","type-post","status-publish","format-standard","has-post-thumbnail","hentry","category-news-es"],"acf":[],"_links":{"self":[{"href":"https:\/\/care4dairy.eu\/es\/wp-json\/wp\/v2\/posts\/18979","targetHints":{"allow":["GET"]}}],"collection":[{"href":"https:\/\/care4dairy.eu\/es\/wp-json\/wp\/v2\/posts"}],"about":[{"href":"https:\/\/care4dairy.eu\/es\/wp-json\/wp\/v2\/types\/post"}],"author":[{"embeddable":true,"href":"https:\/\/care4dairy.eu\/es\/wp-json\/wp\/v2\/users\/6"}],"replies":[{"embeddable":true,"href":"https:\/\/care4dairy.eu\/es\/wp-json\/wp\/v2\/comments?post=18979"}],"version-history":[{"count":4,"href":"https:\/\/care4dairy.eu\/es\/wp-json\/wp\/v2\/posts\/18979\/revisions"}],"predecessor-version":[{"id":18990,"href":"https:\/\/care4dairy.eu\/es\/wp-json\/wp\/v2\/posts\/18979\/revisions\/18990"}],"wp:featuredmedia":[{"embeddable":true,"href":"https:\/\/care4dairy.eu\/es\/wp-json\/wp\/v2\/media\/18960"}],"wp:attachment":[{"href":"https:\/\/care4dairy.eu\/es\/wp-json\/wp\/v2\/media?parent=18979"}],"wp:term":[{"taxonomy":"category","embeddable":true,"href":"https:\/\/care4dairy.eu\/es\/wp-json\/wp\/v2\/categories?post=18979"},{"taxonomy":"post_tag","embeddable":true,"href":"https:\/\/care4dairy.eu\/es\/wp-json\/wp\/v2\/tags?post=18979"}],"curies":[{"name":"wp","href":"https:\/\/api.w.org\/{rel}","templated":true}]}}