{"id":15720,"date":"2024-05-28T09:44:58","date_gmt":"2024-05-28T09:44:58","guid":{"rendered":"https:\/\/care4dairy.eu\/lancement-de-la-premiere-video-care4dairy\/"},"modified":"2024-05-28T13:50:38","modified_gmt":"2024-05-28T13:50:38","slug":"lancement-de-la-premiere-video-care4dairy","status":"publish","type":"post","link":"https:\/\/care4dairy.eu\/fr\/lancement-de-la-premiere-video-care4dairy\/","title":{"rendered":"Lancement de la premi\u00e8re vid\u00e9o Care4Dairy !"},"content":{"rendered":"<div class=\"fusion-fullwidth fullwidth-box fusion-builder-row-1 fusion-flex-container has-pattern-background has-mask-background nonhundred-percent-fullwidth non-hundred-percent-height-scrolling\" style=\"--awb-border-radius-top-left:0px;--awb-border-radius-top-right:0px;--awb-border-radius-bottom-right:0px;--awb-border-radius-bottom-left:0px;--awb-flex-wrap:wrap;\" ><div class=\"fusion-builder-row fusion-row fusion-flex-align-items-flex-start fusion-flex-content-wrap\" style=\"max-width:1420.64px;margin-left: calc(-4% \/ 2 );margin-right: calc(-4% \/ 2 );\"><div class=\"fusion-layout-column fusion_builder_column fusion-builder-column-0 fusion_builder_column_1_1 1_1 fusion-flex-column\" style=\"--awb-bg-size:cover;--awb-width-large:100%;--awb-margin-top-large:0px;--awb-spacing-right-large:1.92%;--awb-margin-bottom-large:20px;--awb-spacing-left-large:1.92%;--awb-width-medium:100%;--awb-order-medium:0;--awb-spacing-right-medium:1.92%;--awb-spacing-left-medium:1.92%;--awb-width-small:100%;--awb-order-small:0;--awb-spacing-right-small:1.92%;--awb-spacing-left-small:1.92%;\"><div class=\"fusion-column-wrapper fusion-column-has-shadow fusion-flex-justify-content-flex-start fusion-content-layout-column\"><div class=\"fusion-text fusion-text-1\"><p>L&rsquo;\u00e9dition anglaise de la s\u00e9rie de vid\u00e9os Care4Dairy est maintenant termin\u00e9e ! C&rsquo;est aujourd&rsquo;hui qu&rsquo;est lanc\u00e9e la vid\u00e9o sur les \u00e9tapes de la vie du veau, qui met l&rsquo;accent sur les <a href=\"https:\/\/care4dairy.eu\/fr\/knowledge_base\/fournir-un-environnement-de-qualite-et-de-bonnes-pratiques-pour-les-veaux-de-la-naissance-a-lage-de-21-jours\/\">bonnes et les meilleures pratiques pour les veaux laitiers de la naissance \u00e0 l&rsquo;\u00e2ge de 21 jours<\/a>. Les vid\u00e9os ont \u00e9t\u00e9 cr\u00e9\u00e9es par le r\u00e9alisateur italien Marco Chiarini et son \u00e9quipe.<\/p>\n<\/div><\/div><\/div><\/div><\/div>\n","protected":false},"excerpt":{"rendered":"","protected":false},"author":2,"featured_media":15017,"comment_status":"open","ping_status":"open","sticky":false,"template":"","format":"standard","meta":{"_acf_changed":false,"_bbp_topic_count":0,"_bbp_reply_count":0,"_bbp_total_topic_count":0,"_bbp_total_reply_count":0,"_bbp_voice_count":0,"_bbp_anonymous_reply_count":0,"_bbp_topic_count_hidden":0,"_bbp_reply_count_hidden":0,"_bbp_forum_subforum_count":0,"inline_featured_image":false,"footnotes":""},"categories":[196],"tags":[279],"class_list":["post-15720","post","type-post","status-publish","format-standard","has-post-thumbnail","hentry","category-news-fr","tag-video-fr"],"acf":[],"_links":{"self":[{"href":"https:\/\/care4dairy.eu\/fr\/wp-json\/wp\/v2\/posts\/15720","targetHints":{"allow":["GET"]}}],"collection":[{"href":"https:\/\/care4dairy.eu\/fr\/wp-json\/wp\/v2\/posts"}],"about":[{"href":"https:\/\/care4dairy.eu\/fr\/wp-json\/wp\/v2\/types\/post"}],"author":[{"embeddable":true,"href":"https:\/\/care4dairy.eu\/fr\/wp-json\/wp\/v2\/users\/2"}],"replies":[{"embeddable":true,"href":"https:\/\/care4dairy.eu\/fr\/wp-json\/wp\/v2\/comments?post=15720"}],"version-history":[{"count":2,"href":"https:\/\/care4dairy.eu\/fr\/wp-json\/wp\/v2\/posts\/15720\/revisions"}],"predecessor-version":[{"id":15722,"href":"https:\/\/care4dairy.eu\/fr\/wp-json\/wp\/v2\/posts\/15720\/revisions\/15722"}],"wp:featuredmedia":[{"embeddable":true,"href":"https:\/\/care4dairy.eu\/fr\/wp-json\/wp\/v2\/media\/15017"}],"wp:attachment":[{"href":"https:\/\/care4dairy.eu\/fr\/wp-json\/wp\/v2\/media?parent=15720"}],"wp:term":[{"taxonomy":"category","embeddable":true,"href":"https:\/\/care4dairy.eu\/fr\/wp-json\/wp\/v2\/categories?post=15720"},{"taxonomy":"post_tag","embeddable":true,"href":"https:\/\/care4dairy.eu\/fr\/wp-json\/wp\/v2\/tags?post=15720"}],"curies":[{"name":"wp","href":"https:\/\/api.w.org\/{rel}","templated":true}]}}