{"id":18799,"date":"2024-07-02T14:07:03","date_gmt":"2024-07-02T14:07:03","guid":{"rendered":"https:\/\/care4dairy.eu\/nouvelle-publication-sur-la-separation-des-veaux-et-des-barrages-dans-le-wisconsin\/"},"modified":"2024-07-02T14:24:52","modified_gmt":"2024-07-02T14:24:52","slug":"nouvelle-publication-sur-la-separation-des-veaux-et-des-barrages-dans-le-wisconsin","status":"publish","type":"post","link":"https:\/\/care4dairy.eu\/fr\/nouvelle-publication-sur-la-separation-des-veaux-et-des-barrages-dans-le-wisconsin\/","title":{"rendered":"Nouvelle publication sur la s\u00e9paration des veaux et des barrages dans le Wisconsin"},"content":{"rendered":"<div class=\"fusion-fullwidth fullwidth-box fusion-builder-row-1 fusion-flex-container has-pattern-background has-mask-background nonhundred-percent-fullwidth non-hundred-percent-height-scrolling\" style=\"--awb-border-radius-top-left:0px;--awb-border-radius-top-right:0px;--awb-border-radius-bottom-right:0px;--awb-border-radius-bottom-left:0px;--awb-flex-wrap:wrap;\" ><div class=\"fusion-builder-row fusion-row fusion-flex-align-items-flex-start fusion-flex-content-wrap\" style=\"max-width:1420.64px;margin-left: calc(-4% \/ 2 );margin-right: calc(-4% \/ 2 );\"><div class=\"fusion-layout-column fusion_builder_column fusion-builder-column-0 fusion_builder_column_1_1 1_1 fusion-flex-column\" style=\"--awb-bg-size:cover;--awb-width-large:100%;--awb-margin-top-large:0px;--awb-spacing-right-large:1.92%;--awb-margin-bottom-large:20px;--awb-spacing-left-large:1.92%;--awb-width-medium:100%;--awb-order-medium:0;--awb-spacing-right-medium:1.92%;--awb-spacing-left-medium:1.92%;--awb-width-small:100%;--awb-order-small:0;--awb-spacing-right-small:1.92%;--awb-spacing-left-small:1.92%;\"><div class=\"fusion-column-wrapper fusion-column-has-shadow fusion-flex-justify-content-flex-start fusion-content-layout-column\"><div class=\"fusion-text fusion-text-1\"><p>Un nouvel article intitul\u00e9 \u00ab\u00a0Dairy farmers&rsquo; preference for immediate versus late calf separation\u00a0\u00bb a \u00e9t\u00e9 publi\u00e9 dans <i>Preventive Veterinary Medicine<\/i>. Les \u00e9leveurs ont re\u00e7u une enqu\u00eate pour conna\u00eetre leur pr\u00e9f\u00e9rence en mati\u00e8re de contact entre le veau et la m\u00e8re jusqu&rsquo;au sevrage, sur la base de quatre options : m\u00e8re libre (le veau a un acc\u00e8s illimit\u00e9 \u00e0 la m\u00e8re), demi-journ\u00e9e (le veau a acc\u00e8s \u00e0 la m\u00e8re pendant 12 heures par jour), vache d&rsquo;accueil (le veau a un acc\u00e8s illimit\u00e9 \u00e0 une vache en fin de lactation, 2 \u00e0 4 veaux par vache) et syst\u00e8mes de t\u00e9t\u00e9e restreints (le veau a acc\u00e8s \u00e0 sa m\u00e8re pendant 1 \u00e0 2 courtes p\u00e9riodes par jour). Parmi ces options, la plupart des \u00e9leveurs (34 %) ont pr\u00e9f\u00e9r\u00e9 le syst\u00e8me de la vache nourrici\u00e8re par rapport aux syst\u00e8mes de la t\u00e9t\u00e9e restreinte (24 %), de la demi-journ\u00e9e (11 %) et de la m\u00e8re libre (8,6 %). Cependant, 23 % des agriculteurs ont choisi de ne pas r\u00e9pondre \u00e0 cette question ; l&rsquo;auteur sugg\u00e8re que cela est d\u00fb au fait que les agriculteurs pr\u00e9f\u00e8rent les pratiques actuelles ou qu&rsquo;une alternative n&rsquo;a pas \u00e9t\u00e9 propos\u00e9e. Une autre constatation importante est que la pr\u00e9f\u00e9rence pour un syst\u00e8me peut \u00eatre d\u00e9termin\u00e9e par la taille de l&rsquo;exploitation. Les contacts prolong\u00e9s \u00e9taient plus fr\u00e9quents dans les petites exploitations, par exemple celles qui ont acc\u00e8s aux p\u00e2turages ou qui sont certifi\u00e9es biologiques, que dans les grandes exploitations conventionnelles. Les implications de cette recherche sugg\u00e8rent que les agriculteurs sont pr\u00eats et capables de modifier leurs syst\u00e8mes de gestion pour avoir un certain contact avec les vaches et les barrages.<\/p>\n<p>Boaitey, Albert. (2024). Dairy farmers\u2019 preferences for immediate versus late calf separation. <i>Preventive Veterinary Medicine. 226<\/i>(106175). <a href=\"https:\/\/doi.org\/10.1016\/j.prevetmed.2024.106175\">https:\/\/doi.org\/10.1016\/j.prevetmed.2024.106175<\/a><\/p>\n<p><i><span style=\"font-weight: 400;\">Ce texte a \u00e9t\u00e9 traduit \u00e0 l&rsquo;aide de DeepL.<\/span><\/i><\/p>\n<\/div><\/div><\/div><\/div><\/div>\n","protected":false},"excerpt":{"rendered":"","protected":false},"author":6,"featured_media":4807,"comment_status":"open","ping_status":"open","sticky":false,"template":"","format":"standard","meta":{"_acf_changed":false,"_bbp_topic_count":0,"_bbp_reply_count":0,"_bbp_total_topic_count":0,"_bbp_total_reply_count":0,"_bbp_voice_count":0,"_bbp_anonymous_reply_count":0,"_bbp_topic_count_hidden":0,"_bbp_reply_count_hidden":0,"_bbp_forum_subforum_count":0,"inline_featured_image":false,"footnotes":""},"categories":[196],"tags":[],"class_list":["post-18799","post","type-post","status-publish","format-standard","has-post-thumbnail","hentry","category-news-fr"],"acf":[],"_links":{"self":[{"href":"https:\/\/care4dairy.eu\/fr\/wp-json\/wp\/v2\/posts\/18799","targetHints":{"allow":["GET"]}}],"collection":[{"href":"https:\/\/care4dairy.eu\/fr\/wp-json\/wp\/v2\/posts"}],"about":[{"href":"https:\/\/care4dairy.eu\/fr\/wp-json\/wp\/v2\/types\/post"}],"author":[{"embeddable":true,"href":"https:\/\/care4dairy.eu\/fr\/wp-json\/wp\/v2\/users\/6"}],"replies":[{"embeddable":true,"href":"https:\/\/care4dairy.eu\/fr\/wp-json\/wp\/v2\/comments?post=18799"}],"version-history":[{"count":3,"href":"https:\/\/care4dairy.eu\/fr\/wp-json\/wp\/v2\/posts\/18799\/revisions"}],"predecessor-version":[{"id":18819,"href":"https:\/\/care4dairy.eu\/fr\/wp-json\/wp\/v2\/posts\/18799\/revisions\/18819"}],"wp:featuredmedia":[{"embeddable":true,"href":"https:\/\/care4dairy.eu\/fr\/wp-json\/wp\/v2\/media\/4807"}],"wp:attachment":[{"href":"https:\/\/care4dairy.eu\/fr\/wp-json\/wp\/v2\/media?parent=18799"}],"wp:term":[{"taxonomy":"category","embeddable":true,"href":"https:\/\/care4dairy.eu\/fr\/wp-json\/wp\/v2\/categories?post=18799"},{"taxonomy":"post_tag","embeddable":true,"href":"https:\/\/care4dairy.eu\/fr\/wp-json\/wp\/v2\/tags?post=18799"}],"curies":[{"name":"wp","href":"https:\/\/api.w.org\/{rel}","templated":true}]}}