{"id":18964,"date":"2024-07-24T10:42:46","date_gmt":"2024-07-24T10:42:46","guid":{"rendered":"https:\/\/care4dairy.eu\/?p=18964"},"modified":"2024-07-24T10:45:01","modified_gmt":"2024-07-24T10:45:01","slug":"les-vaches-au-paturage-changent-elles-de-comportement-en-cas-de-fortes-chaleurs","status":"publish","type":"post","link":"https:\/\/care4dairy.eu\/fr\/les-vaches-au-paturage-changent-elles-de-comportement-en-cas-de-fortes-chaleurs\/","title":{"rendered":"Les vaches au p\u00e2turage changent-elles de comportement en cas de fortes chaleurs ?"},"content":{"rendered":"<div class=\"fusion-fullwidth fullwidth-box fusion-builder-row-1 fusion-flex-container has-pattern-background has-mask-background nonhundred-percent-fullwidth non-hundred-percent-height-scrolling\" style=\"--awb-border-radius-top-left:0px;--awb-border-radius-top-right:0px;--awb-border-radius-bottom-right:0px;--awb-border-radius-bottom-left:0px;--awb-flex-wrap:wrap;\" ><div class=\"fusion-builder-row fusion-row fusion-flex-align-items-flex-start fusion-flex-content-wrap\" style=\"max-width:1420.64px;margin-left: calc(-4% \/ 2 );margin-right: calc(-4% \/ 2 );\"><div class=\"fusion-layout-column fusion_builder_column fusion-builder-column-0 fusion_builder_column_1_1 1_1 fusion-flex-column\" style=\"--awb-bg-size:cover;--awb-width-large:100%;--awb-margin-top-large:0px;--awb-spacing-right-large:1.92%;--awb-margin-bottom-large:20px;--awb-spacing-left-large:1.92%;--awb-width-medium:100%;--awb-order-medium:0;--awb-spacing-right-medium:1.92%;--awb-spacing-left-medium:1.92%;--awb-width-small:100%;--awb-order-small:0;--awb-spacing-right-small:1.92%;--awb-spacing-left-small:1.92%;\"><div class=\"fusion-column-wrapper fusion-column-has-shadow fusion-flex-justify-content-flex-start fusion-content-layout-column\"><div class=\"fusion-text fusion-text-1\"><p><span style=\"font-weight: 400;\">Alors que l&rsquo;\u00e9t\u00e9 est \u00e0 mi-parcours et que les \u00e9pisodes de chaleur extr\u00eame se poursuivent dans toute l&rsquo;Europe, il est important de prendre en compte le stress thermique et le bien-\u00eatre des animaux. Le stress thermique chez les vaches survient lorsque la temp\u00e9rature interne et externe combin\u00e9e d&rsquo;un animal est sup\u00e9rieure \u00e0 ce que l&rsquo;animal peut dissiper, ce qui entra\u00eene des adaptations comportementales et physiologiques et conduit \u00e0 une augmentation de la temp\u00e9rature corporelle centrale. Comme les vaches laiti\u00e8res ont un m\u00e9tabolisme qui rejette beaucoup de chaleur, elles sont plus sensibles au stress thermique. Le stress thermique pose des probl\u00e8mes de bien-\u00eatre, de sant\u00e9 et de productivit\u00e9 (c&rsquo;est-\u00e0-dire de fertilit\u00e9 et de production laiti\u00e8re). Au d\u00e9but de cette ann\u00e9e, un article a \u00e9t\u00e9 publi\u00e9 sur les changements de comportement chez les bovins soumis \u00e0 des charges de chaleur mod\u00e9r\u00e9es. Cet article, r\u00e9dig\u00e9 en Suisse, portait sur des vaches laiti\u00e8res \u00e9lev\u00e9es en p\u00e2turage entre juin et septembre 2021 et utilisait l&rsquo;indice temp\u00e9rature-humidit\u00e9 (THI) pour signaler les \u00e9pisodes de forte et de faible chaleur. Holinger et al. ont signal\u00e9 diverses diff\u00e9rences de comportement entre les bovins pendant les p\u00e9riodes de forte et de faible chaleur. Les diff\u00e9rences les plus apparentes \u00e9taient une diminution du temps de couchage, une augmentation de l&rsquo;activit\u00e9 et une augmentation de l&rsquo;entassement ou du regroupement des vaches les jours de THI \u00e9lev\u00e9 par rapport aux jours de THI faible. Selon les auteurs, ces comportements peuvent indiquer que les vaches subissent un stress thermique au p\u00e2turage. D&rsquo;autres facteurs, tels que l&rsquo;activit\u00e9 des insectes, doivent \u00eatre \u00e9tudi\u00e9s plus en d\u00e9tail. Pour r\u00e9duire l&rsquo;incidence du stress thermique, les bovins devraient toujours avoir de l&rsquo;eau et de l&rsquo;ombre \u00e0 leur disposition dans les p\u00e2turages. Lorsque c&rsquo;est possible, il est \u00e9galement b\u00e9n\u00e9fique de d\u00e9placer le moment o\u00f9 les bovins sont au p\u00e2turage, t\u00f4t le matin ou le soir, afin d&rsquo;\u00e9viter les heures les plus chaudes de la journ\u00e9e. <\/span><\/p>\n<p><span style=\"font-weight: 400;\">Holinger, M., B\u00fchl, V., Helbing, M., Pieper, L., K\u00fcrmann, S., Pontiggia, A., Dohme-Meier, F., Keil, N., Ammer, S. (2024). Behavioural changes to moderate heat load in grazing dairy cows under on-farm conditions, <\/span><i><span style=\"font-weight: 400;\">Livestock Science,<\/span><\/i> <i><span style=\"font-weight: 400;\">279,<\/span><\/i><span style=\"font-weight: 400;\"> 105376. <\/span><a href=\"https:\/\/doi.org\/10.1016\/j.livsci.2023.105376\"><span style=\"font-weight: 400;\">https:\/\/doi.org\/10.1016\/j.livsci.2023.105376<\/span><\/a><span style=\"font-weight: 400;\">.<\/span><\/p>\n<p><i><span style=\"font-weight: 400;\">Ce texte a \u00e9t\u00e9 traduit \u00e0 l&rsquo;aide de DeepL.<\/span><\/i><\/p>\n<\/div><\/div><\/div><\/div><\/div>\n","protected":false},"excerpt":{"rendered":"","protected":false},"author":6,"featured_media":18946,"comment_status":"open","ping_status":"open","sticky":false,"template":"","format":"standard","meta":{"_acf_changed":false,"_bbp_topic_count":0,"_bbp_reply_count":0,"_bbp_total_topic_count":0,"_bbp_total_reply_count":0,"_bbp_voice_count":0,"_bbp_anonymous_reply_count":0,"_bbp_topic_count_hidden":0,"_bbp_reply_count_hidden":0,"_bbp_forum_subforum_count":0,"inline_featured_image":false,"footnotes":""},"categories":[196],"tags":[],"class_list":["post-18964","post","type-post","status-publish","format-standard","has-post-thumbnail","hentry","category-news-fr"],"acf":[],"_links":{"self":[{"href":"https:\/\/care4dairy.eu\/fr\/wp-json\/wp\/v2\/posts\/18964","targetHints":{"allow":["GET"]}}],"collection":[{"href":"https:\/\/care4dairy.eu\/fr\/wp-json\/wp\/v2\/posts"}],"about":[{"href":"https:\/\/care4dairy.eu\/fr\/wp-json\/wp\/v2\/types\/post"}],"author":[{"embeddable":true,"href":"https:\/\/care4dairy.eu\/fr\/wp-json\/wp\/v2\/users\/6"}],"replies":[{"embeddable":true,"href":"https:\/\/care4dairy.eu\/fr\/wp-json\/wp\/v2\/comments?post=18964"}],"version-history":[{"count":4,"href":"https:\/\/care4dairy.eu\/fr\/wp-json\/wp\/v2\/posts\/18964\/revisions"}],"predecessor-version":[{"id":18995,"href":"https:\/\/care4dairy.eu\/fr\/wp-json\/wp\/v2\/posts\/18964\/revisions\/18995"}],"wp:featuredmedia":[{"embeddable":true,"href":"https:\/\/care4dairy.eu\/fr\/wp-json\/wp\/v2\/media\/18946"}],"wp:attachment":[{"href":"https:\/\/care4dairy.eu\/fr\/wp-json\/wp\/v2\/media?parent=18964"}],"wp:term":[{"taxonomy":"category","embeddable":true,"href":"https:\/\/care4dairy.eu\/fr\/wp-json\/wp\/v2\/categories?post=18964"},{"taxonomy":"post_tag","embeddable":true,"href":"https:\/\/care4dairy.eu\/fr\/wp-json\/wp\/v2\/tags?post=18964"}],"curies":[{"name":"wp","href":"https:\/\/api.w.org\/{rel}","templated":true}]}}