{"id":21119,"date":"2026-04-27T09:39:49","date_gmt":"2026-04-27T09:39:49","guid":{"rendered":"https:\/\/care4dairy.eu\/frcaw-nouveau-rapport-sur-le-transport-du-betail-densite-de-chargement-et-son-impact-sur-les-chutes-et-les-blessures\/"},"modified":"2026-04-27T09:48:54","modified_gmt":"2026-04-27T09:48:54","slug":"frcaw-nouveau-rapport-sur-le-transport-du-betail-densite-de-chargement-et-son-impact-sur-les-chutes-et-les-blessures","status":"publish","type":"post","link":"https:\/\/care4dairy.eu\/fr\/frcaw-nouveau-rapport-sur-le-transport-du-betail-densite-de-chargement-et-son-impact-sur-les-chutes-et-les-blessures\/","title":{"rendered":"FRCAW nouveau rapport sur le transport du b\u00e9tail : densit\u00e9 de chargement et son impact sur les chutes et les blessures"},"content":{"rendered":"<div class=\"fusion-fullwidth fullwidth-box fusion-builder-row-1 fusion-flex-container nonhundred-percent-fullwidth non-hundred-percent-height-scrolling\" style=\"--awb-border-radius-top-left:0px;--awb-border-radius-top-right:0px;--awb-border-radius-bottom-right:0px;--awb-border-radius-bottom-left:0px;--awb-flex-wrap:wrap;\" ><div class=\"fusion-builder-row fusion-row fusion-flex-align-items-flex-start fusion-flex-content-wrap\" style=\"max-width:1420.64px;margin-left: calc(-4% \/ 2 );margin-right: calc(-4% \/ 2 );\"><div class=\"fusion-layout-column fusion_builder_column fusion-builder-column-0 fusion_builder_column_1_1 1_1 fusion-flex-column\" style=\"--awb-bg-size:cover;--awb-width-large:100%;--awb-margin-top-large:0px;--awb-spacing-right-large:1.92%;--awb-margin-bottom-large:0px;--awb-spacing-left-large:1.92%;--awb-width-medium:100%;--awb-spacing-right-medium:1.92%;--awb-spacing-left-medium:1.92%;--awb-width-small:100%;--awb-spacing-right-small:1.92%;--awb-spacing-left-small:1.92%;\"><div class=\"fusion-column-wrapper fusion-flex-justify-content-flex-start fusion-content-layout-column\"><div class=\"fusion-text fusion-text-1\"><p>Le Centre fran\u00e7ais de r\u00e9f\u00e9rence pour le bien-\u00eatre animal (FRCAW) a publi\u00e9 un rapport examinant les effets de la charge sur le risque de chutes et de blessures chez les bovins pendant le transport. Command\u00e9e par le Bureau du bien-\u00eatre animal (BBEA) de la Direction g\u00e9n\u00e9rale de l&rsquo;alimentation (DGAL) au sein du minist\u00e8re de l&rsquo; Agriculture et de la souverainet\u00e9 alimentaire, le document s&rsquo;appuie sur les conclusions de l&rsquo; l&rsquo; Autorit\u00e9 europ\u00e9enne de la s\u00e9curit\u00e9 alimentaire de 2022. Il se concentre principalement sur la relation entre l&rsquo;espace les marges de s\u00e9curit\u00e9 pendant le transport et la survenue de chutes et de blessures, tout en offrant \u00e9galement une analyse d\u00e9taill\u00e9e de a62&gt; la litt\u00e9rature scientifique existante sur le sujet.  <\/p>\n<p>Le rapport passe en revue la litt\u00e9rature scientifique sur les r\u00e9ponses et physiologiques r\u00e9ponses des bovins \u00e0 diff\u00e9rentes densit\u00e9s de chargement, ainsi que les donn\u00e9es relatives aux h\u00e9matomes observ\u00e9s sur les carcasses. Il identifie une s\u00e9rie de facteurs contributifs qui peuvent augmenter le risque de chutes et de blessures pendant le transport et pr\u00e9sente les approches possibles pour att\u00e9nuer ces risques. Bien que le nombre d&rsquo; \u00e9tudes traitant sp\u00e9cifiquement du b\u00e9tail \u00e0 l&rsquo; espace allou\u00e9 propos\u00e9 dans le cadre r\u00e9glementaire r\u00e9vis\u00e9 reste limit\u00e9, la documentation disponible corrobore l&rsquo; hypoth\u00e8se selon laquelle une augmentation de l&rsquo;espace contribuerait \u00e0 une r\u00e9duction des chutes et des blessures. Par la m\u00eame occasion, le rapport souligne la n\u00e9cessit\u00e9 de poursuivre les recherches, en particulier en ce qui concerne le bovins adultes et en tenant compte des facteurs de risque suppl\u00e9mentaires.   <\/p>\n<p>Dans toutes les cat\u00e9gories de bovins, y compris les veaux, les jeunes adultes et les animaux adultes, les augmentations propos\u00e9es de l&rsquo;espace allou\u00e9 ne sont pas associ\u00e9es \u00e0 un risque accru de chutes ou de blessures pendant le transport. Au contraire, ces espaces semblent favoriser un meilleur \u00e9quilibre, inciter les animaux \u00e0 se coucher plus fr\u00e9quemment, en particulier lorsque de la liti\u00e8re de paille est fournie, et contribuer \u00e0 r\u00e9duire les niveaux de fatigue. Dans le cas des veaux, aucun stress suppl\u00e9mentaire n\u2019a \u00e9t\u00e9 observ\u00e9 lorsqu\u2019ils sont transport\u00e9s dans les conditions d\u2019espace d\u00e9crites dans le r\u00e8glement propos\u00e9.  <\/p>\n<p>Selon le rapport, une augmentation de l&rsquo;espace allou\u00e9 (r\u00e9duction de la densit\u00e9 de chargement) permettrait de r\u00e9duire le risque de chutes et de blessures pendant le transport, en tenant compte de d&rsquo; autres param\u00e8tres tels que :<\/p>\n<ul>\n<li>La qualit\u00e9 de la conduite et l&rsquo; itin\u00e9raire emprunt\u00e9<\/li>\n<li>La conception des v\u00e9hicules<\/li>\n<li>La pr\u00e9sence et le type de literie<\/li>\n<li>La dur\u00e9e et la distance du voyage<\/li>\n<\/ul>\n<p>Cette analyse s&rsquo;inscrit dans le cadre plus large de la r\u00e9vision de la l\u00e9gislation europ\u00e9enne existante relative au transport des animaux. En d\u00e9cembre 2023, la Commission europ\u00e9enne a publi\u00e9 sa proposition de r\u00e8glement du Parlement europ\u00e9en et du Conseil relatif \u00e0 la protection des animaux pendant le transport et les op\u00e9rations connexes, modifiant le r\u00e8glement (CE) n\u00b0 1255\/97 du Conseil et abrogeant le r\u00e8glement (CE) n\u00b0 1\/2005 du Conseil, actuellement en vigueur. Cette r\u00e9vision s&rsquo;appuie directement sur les avis scientifiques \u00e9mis par l&rsquo;Autorit\u00e9 europ\u00e9enne de s\u00e9curit\u00e9 des aliments et vise \u00e0 actualiser les exigences, en particulier celles relatives \u00e0 l&rsquo;espace disponible pendant le transport.  <\/p>\n<p><strong>En savoir plus :<\/strong> <a href=\"https:\/\/www.cnr-bea.fr\/wp-content\/uploads\/2026\/02\/FRCAW_CNRBEA_2025_Opinion-on-the-impacts-of-loading-density-on-the-risk-of-falls-and-injuries-in-cattle-during-transport.pdf\">Rapport complet <\/a> <\/p>\n<p><strong>Citation:<\/strong> Camille Bezan\u00e7on, Lisa Diaz, Louise Kremer, Violaine Colson, Agn\u00e8s Tiret, FRCAW panel of experts, Genevi\u00e8ve Aubin-Houzelstein. Opinion of the FRCAW on the impacts of loading density on the risk of falls and injuries in cattle during transport. FRCAW \/ CNR BEA.   2025. Translated by Teresa Bridgeman DOI: 10.17180\/cj33-by25<\/p>\n<\/div><\/div><\/div><\/div><\/div>\n","protected":false},"excerpt":{"rendered":"","protected":false},"author":9,"featured_media":3933,"comment_status":"open","ping_status":"open","sticky":false,"template":"","format":"standard","meta":{"_acf_changed":false,"_bbp_topic_count":0,"_bbp_reply_count":0,"_bbp_total_topic_count":0,"_bbp_total_reply_count":0,"_bbp_voice_count":0,"_bbp_anonymous_reply_count":0,"_bbp_topic_count_hidden":0,"_bbp_reply_count_hidden":0,"_bbp_forum_subforum_count":0,"inline_featured_image":false,"footnotes":""},"categories":[196],"tags":[369,401,399,400,398],"class_list":["post-21119","post","type-post","status-publish","format-standard","has-post-thumbnail","hentry","category-news-fr","tag-animal-welfare","tag-blessures","tag-cattle","tag-rapport-guide-scientifique","tag-transport"],"acf":[],"_links":{"self":[{"href":"https:\/\/care4dairy.eu\/fr\/wp-json\/wp\/v2\/posts\/21119","targetHints":{"allow":["GET"]}}],"collection":[{"href":"https:\/\/care4dairy.eu\/fr\/wp-json\/wp\/v2\/posts"}],"about":[{"href":"https:\/\/care4dairy.eu\/fr\/wp-json\/wp\/v2\/types\/post"}],"author":[{"embeddable":true,"href":"https:\/\/care4dairy.eu\/fr\/wp-json\/wp\/v2\/users\/9"}],"replies":[{"embeddable":true,"href":"https:\/\/care4dairy.eu\/fr\/wp-json\/wp\/v2\/comments?post=21119"}],"version-history":[{"count":2,"href":"https:\/\/care4dairy.eu\/fr\/wp-json\/wp\/v2\/posts\/21119\/revisions"}],"predecessor-version":[{"id":21121,"href":"https:\/\/care4dairy.eu\/fr\/wp-json\/wp\/v2\/posts\/21119\/revisions\/21121"}],"wp:featuredmedia":[{"embeddable":true,"href":"https:\/\/care4dairy.eu\/fr\/wp-json\/wp\/v2\/media\/3933"}],"wp:attachment":[{"href":"https:\/\/care4dairy.eu\/fr\/wp-json\/wp\/v2\/media?parent=21119"}],"wp:term":[{"taxonomy":"category","embeddable":true,"href":"https:\/\/care4dairy.eu\/fr\/wp-json\/wp\/v2\/categories?post=21119"},{"taxonomy":"post_tag","embeddable":true,"href":"https:\/\/care4dairy.eu\/fr\/wp-json\/wp\/v2\/tags?post=21119"}],"curies":[{"name":"wp","href":"https:\/\/api.w.org\/{rel}","templated":true}]}}