{"id":18973,"date":"2024-07-24T10:42:46","date_gmt":"2024-07-24T10:42:46","guid":{"rendered":"https:\/\/care4dairy.eu\/?p=18973"},"modified":"2024-07-24T10:46:35","modified_gmt":"2024-07-24T10:46:35","slug":"le-vacche-al-pascolo-cambiano-comportamento-durante-gli-eventi-di-caldo-intenso","status":"publish","type":"post","link":"https:\/\/care4dairy.eu\/it\/le-vacche-al-pascolo-cambiano-comportamento-durante-gli-eventi-di-caldo-intenso\/","title":{"rendered":"Le vacche al pascolo cambiano comportamento durante gli eventi di caldo intenso?"},"content":{"rendered":"<div class=\"fusion-fullwidth fullwidth-box fusion-builder-row-1 fusion-flex-container has-pattern-background has-mask-background nonhundred-percent-fullwidth non-hundred-percent-height-scrolling\" style=\"--awb-border-radius-top-left:0px;--awb-border-radius-top-right:0px;--awb-border-radius-bottom-right:0px;--awb-border-radius-bottom-left:0px;--awb-flex-wrap:wrap;\" ><div class=\"fusion-builder-row fusion-row fusion-flex-align-items-flex-start fusion-flex-content-wrap\" style=\"max-width:1420.64px;margin-left: calc(-4% \/ 2 );margin-right: calc(-4% \/ 2 );\"><div class=\"fusion-layout-column fusion_builder_column fusion-builder-column-0 fusion_builder_column_1_1 1_1 fusion-flex-column\" style=\"--awb-bg-size:cover;--awb-width-large:100%;--awb-margin-top-large:0px;--awb-spacing-right-large:1.92%;--awb-margin-bottom-large:20px;--awb-spacing-left-large:1.92%;--awb-width-medium:100%;--awb-order-medium:0;--awb-spacing-right-medium:1.92%;--awb-spacing-left-medium:1.92%;--awb-width-small:100%;--awb-order-small:0;--awb-spacing-right-small:1.92%;--awb-spacing-left-small:1.92%;\"><div class=\"fusion-column-wrapper fusion-column-has-shadow fusion-flex-justify-content-flex-start fusion-content-layout-column\"><div class=\"fusion-text fusion-text-1\"><p><span style=\"font-weight: 400;\">Con l&#8217;estate a met\u00e0 strada e gli eventi di caldo estremo che continuano a verificarsi in tutta Europa, lo stress da calore e il benessere sono importanti da considerare. Lo stress da calore nelle vacche si verifica quando la temperatura interna ed esterna di un animale supera quella che l&#8217;animale \u00e8 in grado di dissipare, provocando adattamenti comportamentali e fisiologici e portando a un aumento della temperatura corporea interna. Poich\u00e9 le bovine da latte hanno un processo metabolico che espelle il calore elevato, sono pi\u00f9 suscettibili allo stress da calore. Lo stress da calore causa problemi di benessere, salute e produttivit\u00e0 (cio\u00e8 fertilit\u00e0 e produzione di latte). All&#8217;inizio di quest&#8217;anno \u00e8 stato pubblicato un articolo sui cambiamenti comportamentali dei bovini sottoposti a carichi di calore moderati. L&#8217;articolo, proveniente dalla Svizzera, si \u00e8 concentrato sulle vacche da latte in sistemi di pascolo tra giugno e settembre 2021 e ha utilizzato l&#8217;indice di temperatura-umidit\u00e0 (THI) per segnalare gli eventi di caldo elevato e basso. Holinger et al. hanno riportato varie differenze comportamentali tra le bovine durante gli eventi di THI alto e basso. Le differenze pi\u00f9 evidenti erano una diminuzione del tempo di riposo, un aumento dell&#8217;attivit\u00e0 e un aumento dell&#8217;affollamento o del raggruppamento delle vacche nei giorni con THI elevato rispetto a quelli con THI basso. Gli autori hanno proposto che questi comportamenti possano indicare quando le vacche sono sottoposte a stress da caldo al pascolo. Altre influenze, come l&#8217;attivit\u00e0 degli insetti, devono essere ulteriormente studiate. Per ridurre l&#8217;incidenza dello stress da caldo, le bovine al pascolo dovrebbero avere sempre a disposizione acqua e ombra. Se possibile, \u00e8 utile anche spostare l&#8217;orario di permanenza delle bovine al pascolo al mattino presto o alla sera, per evitare le ore pi\u00f9 calde della giornata. <\/span><\/p>\n<p><span style=\"font-weight: 400;\">Holinger, M., B\u00fchl, V., Helbing, M., Pieper, L., K\u00fcrmann, S., Pontiggia, A., Dohme-Meier, F., Keil, N., Ammer, S. (2024). Behavioural changes to moderate heat load in grazing dairy cows under on-farm conditions, <\/span><i><span style=\"font-weight: 400;\">Livestock Science,<\/span><\/i> <i><span style=\"font-weight: 400;\">279,<\/span><\/i><span style=\"font-weight: 400;\"> 105376. <\/span><a href=\"https:\/\/doi.org\/10.1016\/j.livsci.2023.105376\"><span style=\"font-weight: 400;\">https:\/\/doi.org\/10.1016\/j.livsci.2023.105376<\/span><\/a><span style=\"font-weight: 400;\">.<\/span><\/p>\n<p><i><span style=\"font-weight: 400;\">Questo testo \u00e8 stato tradotto utilizzando DeepL.<\/span><\/i><\/p>\n<\/div><\/div><\/div><\/div><\/div>\n","protected":false},"excerpt":{"rendered":"","protected":false},"author":6,"featured_media":18951,"comment_status":"open","ping_status":"open","sticky":false,"template":"","format":"standard","meta":{"_acf_changed":false,"_bbp_topic_count":0,"_bbp_reply_count":0,"_bbp_total_topic_count":0,"_bbp_total_reply_count":0,"_bbp_voice_count":0,"_bbp_anonymous_reply_count":0,"_bbp_topic_count_hidden":0,"_bbp_reply_count_hidden":0,"_bbp_forum_subforum_count":0,"inline_featured_image":false,"footnotes":""},"categories":[198],"tags":[],"class_list":["post-18973","post","type-post","status-publish","format-standard","has-post-thumbnail","hentry","category-news-it"],"acf":[],"_links":{"self":[{"href":"https:\/\/care4dairy.eu\/it\/wp-json\/wp\/v2\/posts\/18973","targetHints":{"allow":["GET"]}}],"collection":[{"href":"https:\/\/care4dairy.eu\/it\/wp-json\/wp\/v2\/posts"}],"about":[{"href":"https:\/\/care4dairy.eu\/it\/wp-json\/wp\/v2\/types\/post"}],"author":[{"embeddable":true,"href":"https:\/\/care4dairy.eu\/it\/wp-json\/wp\/v2\/users\/6"}],"replies":[{"embeddable":true,"href":"https:\/\/care4dairy.eu\/it\/wp-json\/wp\/v2\/comments?post=18973"}],"version-history":[{"count":4,"href":"https:\/\/care4dairy.eu\/it\/wp-json\/wp\/v2\/posts\/18973\/revisions"}],"predecessor-version":[{"id":18992,"href":"https:\/\/care4dairy.eu\/it\/wp-json\/wp\/v2\/posts\/18973\/revisions\/18992"}],"wp:featuredmedia":[{"embeddable":true,"href":"https:\/\/care4dairy.eu\/it\/wp-json\/wp\/v2\/media\/18951"}],"wp:attachment":[{"href":"https:\/\/care4dairy.eu\/it\/wp-json\/wp\/v2\/media?parent=18973"}],"wp:term":[{"taxonomy":"category","embeddable":true,"href":"https:\/\/care4dairy.eu\/it\/wp-json\/wp\/v2\/categories?post=18973"},{"taxonomy":"post_tag","embeddable":true,"href":"https:\/\/care4dairy.eu\/it\/wp-json\/wp\/v2\/tags?post=18973"}],"curies":[{"name":"wp","href":"https:\/\/api.w.org\/{rel}","templated":true}]}}