{"id":15732,"date":"2024-05-28T09:44:58","date_gmt":"2024-05-28T09:44:58","guid":{"rendered":"https:\/\/care4dairy.eu\/premiera-pierwszego-wideo-care4dairy\/"},"modified":"2024-05-28T13:51:58","modified_gmt":"2024-05-28T13:51:58","slug":"premiera-pierwszego-wideo-care4dairy","status":"publish","type":"post","link":"https:\/\/care4dairy.eu\/pl\/premiera-pierwszego-wideo-care4dairy\/","title":{"rendered":"Premiera pierwszego wideo Care4Dairy!"},"content":{"rendered":"<div class=\"fusion-fullwidth fullwidth-box fusion-builder-row-1 fusion-flex-container has-pattern-background has-mask-background nonhundred-percent-fullwidth non-hundred-percent-height-scrolling\" style=\"--awb-border-radius-top-left:0px;--awb-border-radius-top-right:0px;--awb-border-radius-bottom-right:0px;--awb-border-radius-bottom-left:0px;--awb-flex-wrap:wrap;\" ><div class=\"fusion-builder-row fusion-row fusion-flex-align-items-flex-start fusion-flex-content-wrap\" style=\"max-width:1420.64px;margin-left: calc(-4% \/ 2 );margin-right: calc(-4% \/ 2 );\"><div class=\"fusion-layout-column fusion_builder_column fusion-builder-column-0 fusion_builder_column_1_1 1_1 fusion-flex-column\" style=\"--awb-bg-size:cover;--awb-width-large:100%;--awb-margin-top-large:0px;--awb-spacing-right-large:1.92%;--awb-margin-bottom-large:20px;--awb-spacing-left-large:1.92%;--awb-width-medium:100%;--awb-order-medium:0;--awb-spacing-right-medium:1.92%;--awb-spacing-left-medium:1.92%;--awb-width-small:100%;--awb-order-small:0;--awb-spacing-right-small:1.92%;--awb-spacing-left-small:1.92%;\"><div class=\"fusion-column-wrapper fusion-column-has-shadow fusion-flex-justify-content-flex-start fusion-content-layout-column\"><div class=\"fusion-text fusion-text-1\"><p>Angielska edycja serii wideo Care4Dairy jest ju\u017c gotowa! Dzi\u015b ma miejsce premiera filmu wideo po\u015bwi\u0119conego etapowi \u017cycia ciel\u0105t, kt\u00f3ry koncentruje si\u0119 na <a href=\"https:\/\/care4dairy.eu\/pl\/knowledge_base\/zapewnienie-dobrych-i-najlepszych-praktyk-dla-cielat-od-urodzenia-do-21-dnia-zycia\/\">dobrych i najlepszych praktykach dla ciel\u0105t mlecznych od urodzenia do 21 dnia \u017cycia<\/a>. Filmy zosta\u0142y stworzone przez w\u0142oskiego filmowca Marco Chiariniego i jego zesp\u00f3\u0142.<\/p>\n<\/div><\/div><\/div><\/div><\/div>\n","protected":false},"excerpt":{"rendered":"","protected":false},"author":2,"featured_media":15026,"comment_status":"open","ping_status":"open","sticky":false,"template":"","format":"standard","meta":{"_acf_changed":false,"_bbp_topic_count":0,"_bbp_reply_count":0,"_bbp_total_topic_count":0,"_bbp_total_reply_count":0,"_bbp_voice_count":0,"_bbp_anonymous_reply_count":0,"_bbp_topic_count_hidden":0,"_bbp_reply_count_hidden":0,"_bbp_forum_subforum_count":0,"inline_featured_image":false,"footnotes":""},"categories":[199],"tags":[283],"class_list":["post-15732","post","type-post","status-publish","format-standard","has-post-thumbnail","hentry","category-news-pl","tag-wideo"],"acf":[],"_links":{"self":[{"href":"https:\/\/care4dairy.eu\/pl\/wp-json\/wp\/v2\/posts\/15732","targetHints":{"allow":["GET"]}}],"collection":[{"href":"https:\/\/care4dairy.eu\/pl\/wp-json\/wp\/v2\/posts"}],"about":[{"href":"https:\/\/care4dairy.eu\/pl\/wp-json\/wp\/v2\/types\/post"}],"author":[{"embeddable":true,"href":"https:\/\/care4dairy.eu\/pl\/wp-json\/wp\/v2\/users\/2"}],"replies":[{"embeddable":true,"href":"https:\/\/care4dairy.eu\/pl\/wp-json\/wp\/v2\/comments?post=15732"}],"version-history":[{"count":2,"href":"https:\/\/care4dairy.eu\/pl\/wp-json\/wp\/v2\/posts\/15732\/revisions"}],"predecessor-version":[{"id":15734,"href":"https:\/\/care4dairy.eu\/pl\/wp-json\/wp\/v2\/posts\/15732\/revisions\/15734"}],"wp:featuredmedia":[{"embeddable":true,"href":"https:\/\/care4dairy.eu\/pl\/wp-json\/wp\/v2\/media\/15026"}],"wp:attachment":[{"href":"https:\/\/care4dairy.eu\/pl\/wp-json\/wp\/v2\/media?parent=15732"}],"wp:term":[{"taxonomy":"category","embeddable":true,"href":"https:\/\/care4dairy.eu\/pl\/wp-json\/wp\/v2\/categories?post=15732"},{"taxonomy":"post_tag","embeddable":true,"href":"https:\/\/care4dairy.eu\/pl\/wp-json\/wp\/v2\/tags?post=15732"}],"curies":[{"name":"wp","href":"https:\/\/api.w.org\/{rel}","templated":true}]}}