{"id":18976,"date":"2024-07-24T10:42:46","date_gmt":"2024-07-24T10:42:46","guid":{"rendered":"https:\/\/care4dairy.eu\/?p=18976"},"modified":"2024-07-24T10:47:00","modified_gmt":"2024-07-24T10:47:00","slug":"czy-wypasane-krowy-zmieniaja-zachowanie-podczas-upalow","status":"publish","type":"post","link":"https:\/\/care4dairy.eu\/pl\/czy-wypasane-krowy-zmieniaja-zachowanie-podczas-upalow\/","title":{"rendered":"Czy wypasane krowy zmieniaj\u0105 zachowanie podczas upa\u0142\u00f3w?"},"content":{"rendered":"<div class=\"fusion-fullwidth fullwidth-box fusion-builder-row-1 fusion-flex-container has-pattern-background has-mask-background nonhundred-percent-fullwidth non-hundred-percent-height-scrolling\" style=\"--awb-border-radius-top-left:0px;--awb-border-radius-top-right:0px;--awb-border-radius-bottom-right:0px;--awb-border-radius-bottom-left:0px;--awb-flex-wrap:wrap;\" ><div class=\"fusion-builder-row fusion-row fusion-flex-align-items-flex-start fusion-flex-content-wrap\" style=\"max-width:1420.64px;margin-left: calc(-4% \/ 2 );margin-right: calc(-4% \/ 2 );\"><div class=\"fusion-layout-column fusion_builder_column fusion-builder-column-0 fusion_builder_column_1_1 1_1 fusion-flex-column\" style=\"--awb-bg-size:cover;--awb-width-large:100%;--awb-margin-top-large:0px;--awb-spacing-right-large:1.92%;--awb-margin-bottom-large:20px;--awb-spacing-left-large:1.92%;--awb-width-medium:100%;--awb-order-medium:0;--awb-spacing-right-medium:1.92%;--awb-spacing-left-medium:1.92%;--awb-width-small:100%;--awb-order-small:0;--awb-spacing-right-small:1.92%;--awb-spacing-left-small:1.92%;\"><div class=\"fusion-column-wrapper fusion-column-has-shadow fusion-flex-justify-content-flex-start fusion-content-layout-column\"><div class=\"fusion-text fusion-text-1\"><p><span style=\"font-weight: 400;\">W zwi\u0105zku z tym, \u017ce lato jest w po\u0142owie drogi, a ekstremalne upa\u0142y utrzymuj\u0105 si\u0119 w ca\u0142ej Europie, nale\u017cy wzi\u0105\u0107 pod uwag\u0119 stres cieplny i dobrostan zwierz\u0105t. Stres cieplny u kr\u00f3w wyst\u0119puje, gdy \u0142\u0105czna temperatura wewn\u0119trzna i zewn\u0119trzna zwierz\u0119cia jest wy\u017csza ni\u017c ta, kt\u00f3r\u0105 zwierz\u0119 mo\u017ce rozproszy\u0107, powoduj\u0105c adaptacje behawioralne i fizjologiczne oraz prowadz\u0105c do wzrostu temperatury rdzenia cia\u0142a. Poniewa\u017c byd\u0142o mleczne ma proces metaboliczny, kt\u00f3ry wydala du\u017ce ilo\u015bci ciep\u0142a, jest ono bardziej podatne na stres cieplny. Stres cieplny powoduje problemy zwi\u0105zane z dobrostanem, zdrowiem i produktywno\u015bci\u0105 (tj. p\u0142odno\u015bci\u0105 i produkcj\u0105 mleka). Na pocz\u0105tku tego roku opublikowano artyku\u0142 na temat zmian behawioralnych u byd\u0142a do\u015bwiadczaj\u0105cego umiarkowanych obci\u0105\u017ce\u0144 cieplnych. W artykule ze Szwajcarii skupiono si\u0119 na krowach mlecznych w systemach wypasu pastwiskowego w okresie od czerwca do wrze\u015bnia 2021 r. i wykorzystano wska\u017anik temperatury i wilgotno\u015bci (THI) do zg\u0142aszania zdarze\u0144 o wysokiej i niskiej temperaturze. Holinger i in. odnotowali r\u00f3\u017cne r\u00f3\u017cnice w zachowaniu byd\u0142a podczas wysokich i niskich warto\u015bci THI. Najbardziej widoczne r\u00f3\u017cnice polega\u0142y na skr\u00f3ceniu czasu le\u017cenia, zwi\u0119kszeniu aktywno\u015bci i zwi\u0119kszeniu st\u0142oczenia lub grupowania kr\u00f3w w dni o wysokim THI w por\u00f3wnaniu z niskim THI. Autorzy zaproponowali, \u017ce zachowania te mog\u0105 wskazywa\u0107, kiedy krowy do\u015bwiadczaj\u0105 stresu cieplnego na pastwisku. Inne czynniki, takie jak aktywno\u015b\u0107 owad\u00f3w, wymagaj\u0105 dalszych bada\u0144. Aby ograniczy\u0107 wyst\u0119powanie stresu cieplnego, byd\u0142o na pastwisku powinno mie\u0107 zawsze dost\u0119p do wody i cienia. Je\u015bli to mo\u017cliwe, korzystne jest r\u00f3wnie\u017c przesuni\u0119cie czasu przebywania byd\u0142a na pastwisku na wczesny poranek lub wiecz\u00f3r, aby unikn\u0105\u0107 najgor\u0119tszej pory dnia. <\/span><\/p>\n<p><span style=\"font-weight: 400;\">Holinger, M., B\u00fchl, V., Helbing, M., Pieper, L., K\u00fcrmann, S., Pontiggia, A., Dohme-Meier, F., Keil, N., Ammer, S. (2024). Behavioural changes to moderate heat load in grazing dairy cows under on-farm conditions, <\/span><i><span style=\"font-weight: 400;\">Livestock Science,<\/span><\/i> <i><span style=\"font-weight: 400;\">279,<\/span><\/i><span style=\"font-weight: 400;\"> 105376. <\/span><a href=\"https:\/\/doi.org\/10.1016\/j.livsci.2023.105376\"><span style=\"font-weight: 400;\">https:\/\/doi.org\/10.1016\/j.livsci.2023.105376<\/span><\/a><span style=\"font-weight: 400;\">.<\/span><\/p>\n<p><i><span style=\"font-weight: 400;\">Ten tekst zosta\u0142 przet\u0142umaczony przy u\u017cyciu DeepL.<\/span><\/i><\/p>\n<\/div><\/div><\/div><\/div><\/div>\n","protected":false},"excerpt":{"rendered":"","protected":false},"author":6,"featured_media":18955,"comment_status":"open","ping_status":"open","sticky":false,"template":"","format":"standard","meta":{"_acf_changed":false,"_bbp_topic_count":0,"_bbp_reply_count":0,"_bbp_total_topic_count":0,"_bbp_total_reply_count":0,"_bbp_voice_count":0,"_bbp_anonymous_reply_count":0,"_bbp_topic_count_hidden":0,"_bbp_reply_count_hidden":0,"_bbp_forum_subforum_count":0,"inline_featured_image":false,"footnotes":""},"categories":[199],"tags":[],"class_list":["post-18976","post","type-post","status-publish","format-standard","has-post-thumbnail","hentry","category-news-pl"],"acf":[],"_links":{"self":[{"href":"https:\/\/care4dairy.eu\/pl\/wp-json\/wp\/v2\/posts\/18976","targetHints":{"allow":["GET"]}}],"collection":[{"href":"https:\/\/care4dairy.eu\/pl\/wp-json\/wp\/v2\/posts"}],"about":[{"href":"https:\/\/care4dairy.eu\/pl\/wp-json\/wp\/v2\/types\/post"}],"author":[{"embeddable":true,"href":"https:\/\/care4dairy.eu\/pl\/wp-json\/wp\/v2\/users\/6"}],"replies":[{"embeddable":true,"href":"https:\/\/care4dairy.eu\/pl\/wp-json\/wp\/v2\/comments?post=18976"}],"version-history":[{"count":4,"href":"https:\/\/care4dairy.eu\/pl\/wp-json\/wp\/v2\/posts\/18976\/revisions"}],"predecessor-version":[{"id":18991,"href":"https:\/\/care4dairy.eu\/pl\/wp-json\/wp\/v2\/posts\/18976\/revisions\/18991"}],"wp:featuredmedia":[{"embeddable":true,"href":"https:\/\/care4dairy.eu\/pl\/wp-json\/wp\/v2\/media\/18955"}],"wp:attachment":[{"href":"https:\/\/care4dairy.eu\/pl\/wp-json\/wp\/v2\/media?parent=18976"}],"wp:term":[{"taxonomy":"category","embeddable":true,"href":"https:\/\/care4dairy.eu\/pl\/wp-json\/wp\/v2\/categories?post=18976"},{"taxonomy":"post_tag","embeddable":true,"href":"https:\/\/care4dairy.eu\/pl\/wp-json\/wp\/v2\/tags?post=18976"}],"curies":[{"name":"wp","href":"https:\/\/api.w.org\/{rel}","templated":true}]}}