{"id":19384,"date":"2024-11-21T10:57:50","date_gmt":"2024-11-21T10:57:50","guid":{"rendered":"https:\/\/care4dairy.eu\/?p=19384"},"modified":"2024-11-21T10:57:53","modified_gmt":"2024-11-21T10:57:53","slug":"izs-teramo-na-eurotier","status":"publish","type":"post","link":"https:\/\/care4dairy.eu\/pl\/izs-teramo-na-eurotier\/","title":{"rendered":"IZS Teramo na EuroTier"},"content":{"rendered":"<div class=\"fusion-fullwidth fullwidth-box fusion-builder-row-1 fusion-flex-container has-pattern-background has-mask-background nonhundred-percent-fullwidth non-hundred-percent-height-scrolling\" style=\"--awb-border-radius-top-left:0px;--awb-border-radius-top-right:0px;--awb-border-radius-bottom-right:0px;--awb-border-radius-bottom-left:0px;--awb-flex-wrap:wrap;\" ><div class=\"fusion-builder-row fusion-row fusion-flex-align-items-flex-start fusion-flex-content-wrap\" style=\"max-width:1420.64px;margin-left: calc(-4% \/ 2 );margin-right: calc(-4% \/ 2 );\"><div class=\"fusion-layout-column fusion_builder_column fusion-builder-column-0 fusion_builder_column_1_1 1_1 fusion-flex-column\" style=\"--awb-bg-size:cover;--awb-width-large:100%;--awb-margin-top-large:0px;--awb-spacing-right-large:1.92%;--awb-margin-bottom-large:20px;--awb-spacing-left-large:1.92%;--awb-width-medium:100%;--awb-order-medium:0;--awb-spacing-right-medium:1.92%;--awb-spacing-left-medium:1.92%;--awb-width-small:100%;--awb-order-small:0;--awb-spacing-right-small:1.92%;--awb-spacing-left-small:1.92%;\"><div class=\"fusion-column-wrapper fusion-column-has-shadow fusion-flex-justify-content-flex-start fusion-content-layout-column\"><div class=\"fusion-text fusion-text-1\"><p>Istituto Zooprofilattico Sperimentale dell&#8217;Abruzzo e del Molise (IZS Teramo), jako cz\u0142onek <a href=\"https:\/\/www.eurcaw-ruminants-equines.eu\/\">European Union Reference Centre for Animal Welfare (EURCAW)<em> Ruminants &amp; Equines<\/em><\/a>, uczestniczy\u0142 w wystawie <a href=\"https:\/\/www.eurotier.com\/en\/\">EuroTier<\/a> w celu rozpowszechnienia wynik\u00f3w \u201ePilota\u017cowego projektu dotycz\u0105cego dobrostanu byd\u0142a mlecznego, w tym \u015brodk\u00f3w ochrony nieodsadzonych ciel\u0105t mlecznych i zwierz\u0105t po zako\u0144czeniu kariery &#8211; Care4Dairy\u201d, inicjatywy finansowanej przez DG SANTE Komisji Europejskiej w celu zidentyfikowania dobrych i najlepszych praktyk w celu poprawy dobrostanu zwierz\u0105t w sektorze mleczarskim.<\/p>\n<p>EuroTier to najwa\u017cniejsza mi\u0119dzynarodowa wystawa po\u015bwi\u0119cona profesjonalnej hodowli zwierz\u0105t. Odby\u0142a si\u0119 w Hanowerze, w Niemczech, w dniach od 12 do 15 listopada, zapewniaj\u0105c przegl\u0105d innowacji, produkt\u00f3w i us\u0142ug w sektorze hodowlanym. Obecnych by\u0142o ponad 2200 wystawc\u00f3w ze 160 kraj\u00f3w. G\u0142\u00f3wne obszary wystawiennicze by\u0142y po\u015bwi\u0119cone zarz\u0105dzaniu byd\u0142em, trzod\u0105 chlewn\u0105, drobiem, owcami i kozami, podczas gdy program koncentrowa\u0142 si\u0119 na dobrostanie zwierz\u0105t, zr\u00f3wnowa\u017conym rozwoju, automatyzacji, robotyce i cyfryzacji.<\/p>\n<p><strong>Luigi Iannetti<\/strong>, Kierownik Dzia\u0142u Hodowli i Do\u015bwiadcze\u0144 na Zwierz\u0119tach, <strong>Michele Podaliri Vulpiani<\/strong>, Kierownik Dzia\u0142u Dobrostanu Zwierz\u0105t i <strong>Francesca Pompei <\/strong>z Centrum Rozwoju i Zarz\u0105dzania Projektami, wszyscy z IZS Teramo, uczestniczyli w wystawie, aby promowa\u0107 wyniki Care4Dairy i nawi\u0105za\u0107 kontakty w celu ewentualnej przysz\u0142ej wsp\u00f3\u0142pracy z profesjonalistami i ekspertami z ca\u0142ego \u015bwiata.<\/p>\n<p><i><span style=\"font-weight: 400;\">Ten tekst zosta\u0142 przet\u0142umaczony przy u\u017cyciu DeepL.<\/span><\/i><\/p>\n<\/div><\/div><\/div><\/div><\/div>\n","protected":false},"excerpt":{"rendered":"","protected":false},"author":6,"featured_media":19361,"comment_status":"open","ping_status":"open","sticky":false,"template":"","format":"standard","meta":{"_acf_changed":false,"_bbp_topic_count":0,"_bbp_reply_count":0,"_bbp_total_topic_count":0,"_bbp_total_reply_count":0,"_bbp_voice_count":0,"_bbp_anonymous_reply_count":0,"_bbp_topic_count_hidden":0,"_bbp_reply_count_hidden":0,"_bbp_forum_subforum_count":0,"inline_featured_image":false,"footnotes":""},"categories":[199],"tags":[318],"class_list":["post-19384","post","type-post","status-publish","format-standard","has-post-thumbnail","hentry","category-news-pl","tag-konferencja"],"acf":[],"_links":{"self":[{"href":"https:\/\/care4dairy.eu\/pl\/wp-json\/wp\/v2\/posts\/19384","targetHints":{"allow":["GET"]}}],"collection":[{"href":"https:\/\/care4dairy.eu\/pl\/wp-json\/wp\/v2\/posts"}],"about":[{"href":"https:\/\/care4dairy.eu\/pl\/wp-json\/wp\/v2\/types\/post"}],"author":[{"embeddable":true,"href":"https:\/\/care4dairy.eu\/pl\/wp-json\/wp\/v2\/users\/6"}],"replies":[{"embeddable":true,"href":"https:\/\/care4dairy.eu\/pl\/wp-json\/wp\/v2\/comments?post=19384"}],"version-history":[{"count":3,"href":"https:\/\/care4dairy.eu\/pl\/wp-json\/wp\/v2\/posts\/19384\/revisions"}],"predecessor-version":[{"id":19396,"href":"https:\/\/care4dairy.eu\/pl\/wp-json\/wp\/v2\/posts\/19384\/revisions\/19396"}],"wp:featuredmedia":[{"embeddable":true,"href":"https:\/\/care4dairy.eu\/pl\/wp-json\/wp\/v2\/media\/19361"}],"wp:attachment":[{"href":"https:\/\/care4dairy.eu\/pl\/wp-json\/wp\/v2\/media?parent=19384"}],"wp:term":[{"taxonomy":"category","embeddable":true,"href":"https:\/\/care4dairy.eu\/pl\/wp-json\/wp\/v2\/categories?post=19384"},{"taxonomy":"post_tag","embeddable":true,"href":"https:\/\/care4dairy.eu\/pl\/wp-json\/wp\/v2\/tags?post=19384"}],"curies":[{"name":"wp","href":"https:\/\/api.w.org\/{rel}","templated":true}]}}