{"id":9741,"date":"2024-02-19T12:14:55","date_gmt":"2024-02-19T12:14:55","guid":{"rendered":"https:\/\/care4dairy.eu\/przypomnienie-praktyk-karmienia-cielat\/"},"modified":"2024-05-09T09:20:14","modified_gmt":"2024-05-09T09:20:14","slug":"przypomnienie-praktyk-karmienia-cielat","status":"publish","type":"post","link":"https:\/\/care4dairy.eu\/pl\/przypomnienie-praktyk-karmienia-cielat\/","title":{"rendered":"PRZYPOMNIENIE PRAKTYK KARMIENIA CIEL\u0104T"},"content":{"rendered":"<div class=\"fusion-fullwidth fullwidth-box fusion-builder-row-1 fusion-flex-container has-pattern-background has-mask-background nonhundred-percent-fullwidth non-hundred-percent-height-scrolling\" style=\"--awb-border-radius-top-left:0px;--awb-border-radius-top-right:0px;--awb-border-radius-bottom-right:0px;--awb-border-radius-bottom-left:0px;--awb-flex-wrap:wrap;\" ><div class=\"fusion-builder-row fusion-row fusion-flex-align-items-flex-start fusion-flex-content-wrap\" style=\"max-width:1420.64px;margin-left: calc(-4% \/ 2 );margin-right: calc(-4% \/ 2 );\"><div class=\"fusion-layout-column fusion_builder_column fusion-builder-column-0 fusion_builder_column_1_1 1_1 fusion-flex-column\" style=\"--awb-bg-size:cover;--awb-width-large:100%;--awb-margin-top-large:0px;--awb-spacing-right-large:1.92%;--awb-margin-bottom-large:20px;--awb-spacing-left-large:1.92%;--awb-width-medium:100%;--awb-order-medium:0;--awb-spacing-right-medium:1.92%;--awb-spacing-left-medium:1.92%;--awb-width-small:100%;--awb-order-small:0;--awb-spacing-right-small:1.92%;--awb-spacing-left-small:1.92%;\" data-scroll-devices=\"small-visibility,medium-visibility,large-visibility\"><div class=\"fusion-column-wrapper fusion-column-has-shadow fusion-flex-justify-content-flex-start fusion-content-layout-column\"><div class=\"fusion-text fusion-text-1\"><p><span style=\"font-weight: 400;\">Artyku\u0142 opublikowany przez AgriLand w Irlandii przypomina rolnikom, aby nie karmili ciel\u0105t &#8222;odpadowym mlekiem&#8221;. Mleko odpadowe mo\u017ce zawiera\u0107 pozosta\u0142o\u015bci antybiotyk\u00f3w lub wysok\u0105 liczb\u0119 kom\u00f3rek somatycznych. Karmienie zu\u017cytym mlekiem jest problemem nie tylko dla zdrowia ciel\u0105t i ryzyka infekcji, ale tak\u017ce dla bakterii odpornych na antybiotyki. To przypomnienie pochodzi od Animal Health Ireland i ich wydarze\u0144 zwi\u0105zanych z opiek\u0105 nad ciel\u0119tami.<\/span><\/p>\n<p><span style=\"font-weight: 400;\">\u0179r\u00f3d\u0142o: <\/span><a href=\"https:\/\/www.agriland.ie\/farming-news\/farmers-reminded-not-to-feed-waste-milk-to-calves\/\"><span style=\"font-weight: 400;\">https:\/\/www.agriland.ie\/farming-news\/farmers-reminded-not-to-feed-waste-milk-to-calves\/<\/span><\/a><\/p>\n<p><i><span style=\"font-weight: 400;\">Ten tekst zosta\u0142 przet\u0142umaczony przy u\u017cyciu DeepL.<\/span><\/i><\/p>\n<\/div><\/div><\/div><\/div><\/div>\n","protected":false},"excerpt":{"rendered":"","protected":false},"author":2,"featured_media":5426,"comment_status":"open","ping_status":"open","sticky":false,"template":"","format":"standard","meta":{"_acf_changed":false,"_bbp_topic_count":0,"_bbp_reply_count":0,"_bbp_total_topic_count":0,"_bbp_total_reply_count":0,"_bbp_voice_count":0,"_bbp_anonymous_reply_count":0,"_bbp_topic_count_hidden":0,"_bbp_reply_count_hidden":0,"_bbp_forum_subforum_count":0,"inline_featured_image":false,"footnotes":""},"categories":[199],"tags":[268,267],"class_list":["post-9741","post","type-post","status-publish","format-standard","has-post-thumbnail","hentry","category-news-pl","tag-badania","tag-cielenie-sie"],"acf":[],"_links":{"self":[{"href":"https:\/\/care4dairy.eu\/pl\/wp-json\/wp\/v2\/posts\/9741","targetHints":{"allow":["GET"]}}],"collection":[{"href":"https:\/\/care4dairy.eu\/pl\/wp-json\/wp\/v2\/posts"}],"about":[{"href":"https:\/\/care4dairy.eu\/pl\/wp-json\/wp\/v2\/types\/post"}],"author":[{"embeddable":true,"href":"https:\/\/care4dairy.eu\/pl\/wp-json\/wp\/v2\/users\/2"}],"replies":[{"embeddable":true,"href":"https:\/\/care4dairy.eu\/pl\/wp-json\/wp\/v2\/comments?post=9741"}],"version-history":[{"count":6,"href":"https:\/\/care4dairy.eu\/pl\/wp-json\/wp\/v2\/posts\/9741\/revisions"}],"predecessor-version":[{"id":13105,"href":"https:\/\/care4dairy.eu\/pl\/wp-json\/wp\/v2\/posts\/9741\/revisions\/13105"}],"wp:featuredmedia":[{"embeddable":true,"href":"https:\/\/care4dairy.eu\/pl\/wp-json\/wp\/v2\/media\/5426"}],"wp:attachment":[{"href":"https:\/\/care4dairy.eu\/pl\/wp-json\/wp\/v2\/media?parent=9741"}],"wp:term":[{"taxonomy":"category","embeddable":true,"href":"https:\/\/care4dairy.eu\/pl\/wp-json\/wp\/v2\/categories?post=9741"},{"taxonomy":"post_tag","embeddable":true,"href":"https:\/\/care4dairy.eu\/pl\/wp-json\/wp\/v2\/tags?post=9741"}],"curies":[{"name":"wp","href":"https:\/\/api.w.org\/{rel}","templated":true}]}}